{"id":1051,"date":"2023-12-23T16:46:43","date_gmt":"2023-12-23T16:46:43","guid":{"rendered":"https:\/\/vecses2.lutheran.hu\/?p=1051"},"modified":"2023-12-23T16:46:43","modified_gmt":"2023-12-23T16:46:43","slug":"az-ige-testte-lett","status":"publish","type":"post","link":"https:\/\/vecses2.lutheran.hu\/?p=1051","title":{"rendered":"Az ige testt\u00e9 lett"},"content":{"rendered":"\n<p>\u00d6r\u00fcl\u00f6k annak, hogy azoknak az embereknek, akik&nbsp;meg\u00edt\u00e9lt\u00e9k, hogy melyik k\u00f6nyvek tartozzanak a Bibli\u00e1nkba, volt&nbsp;b\u00e1tors\u00e1guk n\u00e9gy evang\u00e9liumot beletenni, mert csod\u00e1latosan gazdagg\u00e1 tett\u00e9k sz\u00e1munkra a j\u00e9zusi mondanival\u00f3t. Ha a n\u00e9gy&nbsp;evang\u00e9liumot \u00f6sszehasonl\u00edtom, tanulm\u00e1nyozom, n\u00e9gy fantasztikus&nbsp;tan\u00favallom\u00e1s bontakozik ki a szemem el\u0151tt. Megl\u00e1tom, hogy&nbsp;melyik szerz\u0151 sz\u00e1m\u00e1ra mi volt fontos, mi volt a legfontosabb. A kis&nbsp;k\u00fcl\u00f6nbs\u00e9gek sosem t\u00f6lt\u00f6ttek el k\u00e9ts\u00e9ggel. S\u0151t lehet, hogy az sokkal&nbsp;gyan\u00fasabb lenne, ha mind a n\u00e9gy evang\u00e9lium sz\u00f3r\u00f3l sz\u00f3ra&nbsp;megegyezne. Ha n\u00e9gyen ugyanannak a t\u00f6rt\u00e9netnek vagyunk&nbsp;r\u00e9szesei, biztos, hogy mind a n\u00e9gyen m\u00e1sk\u00e9pp mes\u00e9lj\u00fck el a&nbsp;t\u00f6rt\u00e9net\u00fcnket, hiszen mindegyik\u00fcnk m\u00e1sk\u00e9pp \u00e9li \u00e1t az adott&nbsp;szitu\u00e1ci\u00f3t. \u00c9s ez j\u00f3l van \u00edgy.&nbsp;&nbsp;<\/p>\n\n\n\n<p>Kar\u00e1csony t\u00f6rt\u00e9net\u00e9t a n\u00e9gy evang\u00e9liumb\u00f3l csak kett\u0151 jegyezte fel: M\u00e1t\u00e9 \u00e9s M\u00e1rk. J\u00e1nos evang\u00e9liuma pedig a kar\u00e1csony tartalm\u00e1ra koncentr\u00e1l: <strong>\u201eAz Ige testt\u00e9 lett, k\u00f6z\u00f6tt\u00fcnk lakott\u2026\u201d <\/strong>(Jn1,14) Az idei kar\u00e1csonyi v\u00e1rakoz\u00e1sban k\u00fcl\u00f6nleges m\u00f3don hatott r\u00e1m ez az ige.&nbsp;&nbsp;<\/p>\n\n\n\n<p>J\u00e1nos evang\u00e9lista teol\u00f3gus. Az \u00e9rdekli, azt fogalmazza meg,&nbsp;hogy kicsoda J\u00e9zus. Sz\u00e1m\u00e1ra nem \u00e9rdekes, hogy hol, mikor, milyen k\u00f6r\u00fclm\u00e9nyek k\u00f6z\u00f6tt sz\u00fcletett meg J\u00e9zus, de fontos sz\u00e1m\u00e1ra, hogy&nbsp;mindannyian tudjuk: \u0151 a testt\u00e9 lett Ige. Az ige a magyar nyelvtan&nbsp;meghat\u00e1roz\u00e1sa szerint cselekv\u00e9st, t\u00f6rt\u00e9n\u00e9st, l\u00e9tez\u00e9st kifejez\u0151 sz\u00f3. De nemcsak a nyelvtanban, hanem egyh\u00e1zi nyelv\u00fcnkben is gyakran&nbsp;haszn\u00e1lt sz\u00f3 \u2013 gondoljunk csak igehirdet\u00e9s szavunkra. Az ige g\u00f6r\u00f6g&nbsp;eredetije a Logosz sz\u00f3. A LOGOSZ jelent\u00e9s\u00e9t azonban a jobb&nbsp;\u00e9rthet\u0151s\u00e9g kedv\u00e9\u00e9rt ink\u00e1bb \u00edgy ford\u00edtan\u00e1m: SZ\u00d3. Kar\u00e1csonykor&nbsp;ugyanis alapvet\u0151 v\u00e1ltoz\u00e1s megy v\u00e9gbe az \u00fcdvt\u00f6rt\u00e9netben, Isten \u00e9s&nbsp;ember kapcsolat\u00e1ban. Isten mondanival\u00f3ja hozz\u00e1nk, fel\u00e9nk, nek\u00fcnk nem puszta sz\u00f3, hanem testi val\u00f3s\u00e1g: az \u00c9let Szava m\u00e1r nemcsak&nbsp;hallhat\u00f3, hanem l\u00e1that\u00f3 \u00e9s tapinthat\u00f3, \u00e9l\u0151, \u00e9rz\u00e9kel\u0151, haland\u00f3 test.&nbsp; Sz\u00e1momra \u00e9ppen ez\u00e9rt csod\u00e1latos \u00fcnnep a kar\u00e1csony: azt \u00fcnneplem,&nbsp;hogy az \u00e9n Istenem nem egy elvont fogalom. Az \u00e9n Istenem nem&nbsp;egy t\u00e1voli, az ember \u00e9let\u00e9vel nem t\u00f6r\u0151d\u0151, vagy \u00e9ppen azzal&nbsp;j\u00e1tszadoz\u00f3 k\u00f6z\u00f6mb\u00f6s Mindenhat\u00f3, hanem egy velem hasonl\u00f3 sors\u00fa, a hal\u00e1lnak, a szenved\u00e9snek kiszolg\u00e1ltatott ember, aki \u00e1t\u00e9rzi a&nbsp;f\u00e1jdalmam, a f\u00e9lelmem, a k\u00fcszk\u00f6d\u00e9sem, aki velem van harcaimban,&nbsp;aki ugyan\u00fagy j\u00f6tt erre a vil\u00e1gra, ahogy \u00e9n j\u00f6ttem, aki kisbaba kor\u00e1ban ugyan\u00fagy s\u00edrt, ahogy \u00e9n tettem. Ha megsz\u00f3l\u00edtom, tudom,&nbsp;hogy mindent tud r\u00f3lam, mindent \u00e9rt bennem, hogy jobban ismer, mint \u00e9n magamat. Tudom, hogy k\u00f6zel van hozz\u00e1m, hogy tal\u00e1lkozni akar velem. Emberk\u00e9nt akar tal\u00e1lkozni velem, hogy meg\u00e9rts\u00fck&nbsp;egym\u00e1st, hogy felfedezzem, mennyire szeret.&nbsp;&nbsp;<\/p>\n\n\n\n<p>Sz\u00e1momra kedves t\u00f6rt\u00e9net, amit Luk\u00e1cs \u00e9s M\u00e1t\u00e9 feljegyez \u2013 sz\u00edvesen olvasom, besz\u00e9lek r\u00f3la, adom el\u0151 a t\u00f6rt\u00e9netet a&nbsp;gyerekekkel, de a l\u00e9nyeg m\u00e9gis csak ez: Istenem emberr\u00e9 lett.&nbsp; \u00c9rtem, miattam, hogy velem legyen.&nbsp;&nbsp;<\/p>\n\n\n\n<p><em>Heinemann Ildik\u00f3&nbsp;&nbsp;<\/em><\/p>\n\n\n\n<h2 class=\"wp-block-heading\">\u00c1ldott kar\u00e1csonyi \u00fcnnepl\u00e9st \u00e9s b\u00e9k\u00e9s \u00faj \u00e9vet k\u00edv\u00e1nok mindenkinek!  <\/h2>\n","protected":false},"excerpt":{"rendered":"<p>\u00d6r\u00fcl\u00f6k annak, hogy azoknak az embereknek, akik&nbsp;meg\u00edt\u00e9lt\u00e9k, hogy melyik k\u00f6nyvek tartozzanak a Bibli\u00e1nkba, volt&nbsp;b\u00e1tors\u00e1guk n\u00e9gy evang\u00e9liumot beletenni, mert csod\u00e1latosan gazdagg\u00e1<\/p>\n","protected":false},"author":3,"featured_media":1052,"comment_status":"closed","ping_status":"open","sticky":false,"template":"","format":"standard","meta":{"footnotes":""},"categories":[2],"tags":[],"class_list":["post-1051","post","type-post","status-publish","format-standard","has-post-thumbnail","hentry","category-hirek","comments-off"],"_links":{"self":[{"href":"https:\/\/vecses2.lutheran.hu\/index.php?rest_route=\/wp\/v2\/posts\/1051","targetHints":{"allow":["GET"]}}],"collection":[{"href":"https:\/\/vecses2.lutheran.hu\/index.php?rest_route=\/wp\/v2\/posts"}],"about":[{"href":"https:\/\/vecses2.lutheran.hu\/index.php?rest_route=\/wp\/v2\/types\/post"}],"author":[{"embeddable":true,"href":"https:\/\/vecses2.lutheran.hu\/index.php?rest_route=\/wp\/v2\/users\/3"}],"replies":[{"embeddable":true,"href":"https:\/\/vecses2.lutheran.hu\/index.php?rest_route=%2Fwp%2Fv2%2Fcomments&post=1051"}],"version-history":[{"count":2,"href":"https:\/\/vecses2.lutheran.hu\/index.php?rest_route=\/wp\/v2\/posts\/1051\/revisions"}],"predecessor-version":[{"id":1054,"href":"https:\/\/vecses2.lutheran.hu\/index.php?rest_route=\/wp\/v2\/posts\/1051\/revisions\/1054"}],"wp:featuredmedia":[{"embeddable":true,"href":"https:\/\/vecses2.lutheran.hu\/index.php?rest_route=\/wp\/v2\/media\/1052"}],"wp:attachment":[{"href":"https:\/\/vecses2.lutheran.hu\/index.php?rest_route=%2Fwp%2Fv2%2Fmedia&parent=1051"}],"wp:term":[{"taxonomy":"category","embeddable":true,"href":"https:\/\/vecses2.lutheran.hu\/index.php?rest_route=%2Fwp%2Fv2%2Fcategories&post=1051"},{"taxonomy":"post_tag","embeddable":true,"href":"https:\/\/vecses2.lutheran.hu\/index.php?rest_route=%2Fwp%2Fv2%2Ftags&post=1051"}],"curies":[{"name":"wp","href":"https:\/\/api.w.org\/{rel}","templated":true}]}}